{"id":30,"date":"2019-04-14T19:55:04","date_gmt":"2019-04-14T17:55:04","guid":{"rendered":"https:\/\/xn--bsum-meer-mit-flair-59b.de\/?p=30"},"modified":"2024-04-19T10:54:32","modified_gmt":"2024-04-19T08:54:32","slug":"ferienwohnung-am-meer-mit-flair","status":"publish","type":"post","link":"https:\/\/xn--bsum-meer-mit-flair-59b.de\/?p=30","title":{"rendered":"Ferienwohnung mit Flair, Meerblick und Strandkorb"},"content":{"rendered":"\r\n<figure class=\"wp-block-image\"><img loading=\"lazy\" width=\"1024\" height=\"768\" class=\"wp-image-31 aligncenter\" src=\"https:\/\/xn--bsum-meer-mit-flair-59b.de\/wp-content\/uploads\/2019\/04\/IMG_20190410_134626-1024x768.jpg\" alt=\"Couch-Ecke im Wohnzimmer\" srcset=\"https:\/\/xn--bsum-meer-mit-flair-59b.de\/wp-content\/uploads\/2019\/04\/IMG_20190410_134626-1024x768.jpg 1024w, https:\/\/xn--bsum-meer-mit-flair-59b.de\/wp-content\/uploads\/2019\/04\/IMG_20190410_134626-300x225.jpg 300w, https:\/\/xn--bsum-meer-mit-flair-59b.de\/wp-content\/uploads\/2019\/04\/IMG_20190410_134626-768x576.jpg 768w\" sizes=\"(max-width: 1024px) 100vw, 1024px\" \/>\r\n<figcaption>Couch-Ecke im Wohnzimmer<\/figcaption>\r\n<\/figure>\r\n\r\n\r\n\r\n<p><strong>Unsere Ferienwohnung in B\u00fcsum in der Nordseestra\u00dfe 58 liegt unmittelbar am Deich<\/strong>, \u00fcber den hinweg Sie von beiden Balkonen, vom Panorama-Fenster im Wohnzimmer und selbst vom K\u00fcchenfenster <strong>Meerblick<\/strong> haben (auf die Perlebucht und die Nordsee). N\u00e4her am Meer geht nicht&#8230;<strong>Strandkorb (1.5 bis 15.9.)<\/strong> an der Perlebucht und <strong>Fahrr\u00e4der<\/strong> im Preis inbegriffen.<\/p>\r\n<p><strong>Die Wohnung ist ganzj\u00e4hrig als Ferienwohnung buchbar.\u00a0 <\/strong><\/p>\r\n<p><!--more--><\/p>\r\n\r\n\r\n\r\n\r\n\r\n<p>Die Wohnung ist ideal f\u00fcr <strong>zwei Personen<\/strong>. Sie besteht aus einem <strong>Wohnzimmer<\/strong> mit Couch-Ecke und Essgruppe vor dem Panorama-Fenster, einem <strong>Schlafraum<\/strong> mit einem Doppelbett (160 cm breit), einer kleinen <strong>K\u00fcche<\/strong> und einem <strong>Dusch-Bad<\/strong> sowie einem Abstellraum, einem Zwischengang und einem Vorraum. Ein <strong>S\u00fcd-Balkon<\/strong> (vom Schlafzimmer) und ein <strong>West-Balkon<\/strong> (vom Wohnzimmer) laden bei sch\u00f6nem Wetter zum Verweilen ein.<\/p>\r\n<p>Es gibt eine <strong>weitere Schlafm\u00f6glichkeit im Wohnzimmer <\/strong>(in einem Sideboard versteckt befindet sich eine ausklappbare Matratze mit Lattenrost), so dass Paare auch getrennt schlafen k\u00f6nnen. Leider gibt es keinen Aufzug zur Wohnung, die sich im zweiten Stock befindet. Auch ein Geschirrsp\u00fcler fand in der K\u00fcche keinen Platz.<\/p>\r\n<p><strong>Sie k\u00f6nnen fast alles zu Fu\u00df erreichen<\/strong> (Parkplatz\u00a0 f\u00fcr Ihr Auto vor dem Haus):<\/p>\r\n<p>Perlebucht\/Meer: 50 m; n\u00e4chstes gepflegtes Restaurant: 50 m; B\u00e4cker und EDEKA: 350 m; Apotheke 750 m; Meerzeit-Hallenbad 1,1 km (13 Min. zu Fu\u00df und 3 Min. mit dem Rad); Fu\u00dfg\u00e4ngerzone: 1,1 km<\/p>\r\n<p>Hier ein Video zur Wohnung Meer-mit-Flair<\/p>\r\n<p><a href=\"https:\/\/www.youtube.com\/watch?v=lmdx3rH37kA\">https:\/\/www.youtube.com\/watch?v=lmdx3rH37kA<\/a><\/p>\r\n<figure class=\"wp-block-embed is-type-video is-provider-youtube wp-block-embed-youtube wp-embed-aspect-16-9 wp-has-aspect-ratio\">\r\n<div>\u00a0<\/div>\r\n<div class=\"wp-block-embed__wrapper\"><img loading=\"lazy\" width=\"1024\" height=\"768\" class=\"wp-image-82\" src=\"https:\/\/xn--bsum-meer-mit-flair-59b.de\/wp-content\/uploads\/2019\/06\/IMG_20190410_134709-1024x768.jpg\" alt=\"\" srcset=\"https:\/\/xn--bsum-meer-mit-flair-59b.de\/wp-content\/uploads\/2019\/06\/IMG_20190410_134709-1024x768.jpg 1024w, https:\/\/xn--bsum-meer-mit-flair-59b.de\/wp-content\/uploads\/2019\/06\/IMG_20190410_134709-300x225.jpg 300w, https:\/\/xn--bsum-meer-mit-flair-59b.de\/wp-content\/uploads\/2019\/06\/IMG_20190410_134709-768x576.jpg 768w\" sizes=\"(max-width: 1024px) 100vw, 1024px\" \/><\/div>\r\n<\/figure>\r\n<figure class=\"wp-block-image\">\r\n<figcaption>Esstisch mit Panoramafenster. Das kleine Regal links wurde durch eine Vitrine ersetzt.<\/figcaption>\r\n<\/figure>\r\n\r\n\r\n\r\n<figure class=\"wp-block-image\"><img loading=\"lazy\" width=\"1024\" height=\"768\" class=\"wp-image-83\" src=\"https:\/\/xn--bsum-meer-mit-flair-59b.de\/wp-content\/uploads\/2019\/06\/IMG_20190513_175516-1024x768.jpg\" alt=\"\" srcset=\"https:\/\/xn--bsum-meer-mit-flair-59b.de\/wp-content\/uploads\/2019\/06\/IMG_20190513_175516-1024x768.jpg 1024w, https:\/\/xn--bsum-meer-mit-flair-59b.de\/wp-content\/uploads\/2019\/06\/IMG_20190513_175516-300x225.jpg 300w, https:\/\/xn--bsum-meer-mit-flair-59b.de\/wp-content\/uploads\/2019\/06\/IMG_20190513_175516-768x576.jpg 768w\" sizes=\"(max-width: 1024px) 100vw, 1024px\" \/>\r\n<figcaption>Neue Glasvitrine und Bilder des deutsch-franz\u00f6sischen Malers Willi Mayerhofer, der zwischen M\u00fcnchen und S\u00fcdfrankreich pendelt.<\/figcaption>\r\n<\/figure>\r\n\r\n\r\n\r\n<figure class=\"wp-block-image\"><img loading=\"lazy\" width=\"1024\" height=\"768\" class=\"wp-image-84\" src=\"https:\/\/xn--bsum-meer-mit-flair-59b.de\/wp-content\/uploads\/2019\/06\/IMG_20190513_175547-1024x768.jpg\" alt=\"\" srcset=\"https:\/\/xn--bsum-meer-mit-flair-59b.de\/wp-content\/uploads\/2019\/06\/IMG_20190513_175547-1024x768.jpg 1024w, https:\/\/xn--bsum-meer-mit-flair-59b.de\/wp-content\/uploads\/2019\/06\/IMG_20190513_175547-300x225.jpg 300w, https:\/\/xn--bsum-meer-mit-flair-59b.de\/wp-content\/uploads\/2019\/06\/IMG_20190513_175547-768x576.jpg 768w\" sizes=\"(max-width: 1024px) 100vw, 1024px\" \/>\r\n<figcaption>Im Hintergrund der Zugang zum Westbalkon und links der Schreibtisch (verdeckt). Rechts Sideboard mit Matratze.<\/figcaption>\r\n<\/figure>\r\n\r\n\r\n\r\n<figure class=\"wp-block-image\"><img loading=\"lazy\" width=\"1024\" height=\"768\" class=\"wp-image-85\" src=\"https:\/\/xn--bsum-meer-mit-flair-59b.de\/wp-content\/uploads\/2019\/06\/IMG_20190512_210918-1024x768.jpg\" alt=\"\" srcset=\"https:\/\/xn--bsum-meer-mit-flair-59b.de\/wp-content\/uploads\/2019\/06\/IMG_20190512_210918-1024x768.jpg 1024w, https:\/\/xn--bsum-meer-mit-flair-59b.de\/wp-content\/uploads\/2019\/06\/IMG_20190512_210918-300x225.jpg 300w, https:\/\/xn--bsum-meer-mit-flair-59b.de\/wp-content\/uploads\/2019\/06\/IMG_20190512_210918-768x576.jpg 768w\" sizes=\"(max-width: 1024px) 100vw, 1024px\" \/>\r\n<figcaption>Blick aus dem Panoramafenster \u00fcber den Deich auf die im Meer versinkende Sonne.<\/figcaption>\r\n<\/figure>\r\n\r\n\r\n\r\n\r\n\r\n<figure class=\"wp-block-image\">\r\n<figcaption>\r\n<p><img loading=\"lazy\" class=\"wp-image-159 size-full\" src=\"https:\/\/xn--bsum-meer-mit-flair-59b.de\/wp-content\/uploads\/2023\/01\/SZneu-scaled-e1673448772438.jpg\" alt=\"\" width=\"1024\" height=\"768\" \/><\/p>\r\n<br \/>Doppelbett vor der Fototapete im Schlafzimmer. Die hier unbezogenen Betten k\u00f6nnen Sie von uns beziehen lassen. Auch Hand- und Badet\u00fccher k\u00f6nnen Sie ordern und m\u00fcssen diese nicht mitbringen.<\/figcaption>\r\n<\/figure>\r\n\r\n\r\n\r\n<figure class=\"wp-block-image\"><img loading=\"lazy\" width=\"768\" height=\"1024\" class=\"wp-image-39\" src=\"https:\/\/xn--bsum-meer-mit-flair-59b.de\/wp-content\/uploads\/2019\/04\/IMG_20190410_135023-768x1024.jpg\" alt=\"Schlafzimmerschrank\" srcset=\"https:\/\/xn--bsum-meer-mit-flair-59b.de\/wp-content\/uploads\/2019\/04\/IMG_20190410_135023-768x1024.jpg 768w, https:\/\/xn--bsum-meer-mit-flair-59b.de\/wp-content\/uploads\/2019\/04\/IMG_20190410_135023-225x300.jpg 225w\" sizes=\"(max-width: 768px) 100vw, 768px\" \/>\r\n<figcaption>Schlafzimmerschrank &#8211; rechts die T\u00fcr zum S\u00fcdbalkon. An der Wand der zweite Fernseher, davor die Ablage f\u00fcr Koffer.<\/figcaption>\r\n<\/figure>\r\n\r\n\r\n\r\n<figure class=\"wp-block-image\"><img loading=\"lazy\" width=\"768\" height=\"1024\" class=\"wp-image-40\" src=\"https:\/\/xn--bsum-meer-mit-flair-59b.de\/wp-content\/uploads\/2019\/04\/IMG_20190410_134859-768x1024.jpg\" alt=\"Schlafzimmerschrank\" srcset=\"https:\/\/xn--bsum-meer-mit-flair-59b.de\/wp-content\/uploads\/2019\/04\/IMG_20190410_134859-768x1024.jpg 768w, https:\/\/xn--bsum-meer-mit-flair-59b.de\/wp-content\/uploads\/2019\/04\/IMG_20190410_134859-225x300.jpg 225w\" sizes=\"(max-width: 768px) 100vw, 768px\" \/>\r\n<figcaption>K\u00fcche mit Herd (mit Backofen), K\u00fchlschrank, Sp\u00fcle und Kaffeemaschine (wird gegen Filter-Maschine getauscht).<\/figcaption>\r\n<\/figure>\r\n\r\n\r\n\r\n<figure class=\"wp-block-image\"><img loading=\"lazy\" width=\"768\" height=\"1024\" class=\"wp-image-43\" src=\"https:\/\/xn--bsum-meer-mit-flair-59b.de\/wp-content\/uploads\/2019\/04\/IMG_20190410_135243-768x1024.jpg\" alt=\"Dusche und Toilette\" srcset=\"https:\/\/xn--bsum-meer-mit-flair-59b.de\/wp-content\/uploads\/2019\/04\/IMG_20190410_135243-768x1024.jpg 768w, https:\/\/xn--bsum-meer-mit-flair-59b.de\/wp-content\/uploads\/2019\/04\/IMG_20190410_135243-225x300.jpg 225w\" sizes=\"(max-width: 768px) 100vw, 768px\" \/>\r\n<figcaption>Dusche und Toilette<\/figcaption>\r\n<\/figure>\r\n\r\n\r\n\r\n<figure class=\"wp-block-image\"><img loading=\"lazy\" width=\"768\" height=\"1024\" class=\"wp-image-42\" src=\"https:\/\/xn--bsum-meer-mit-flair-59b.de\/wp-content\/uploads\/2019\/04\/IMG_20190410_135216-768x1024.jpg\" alt=\"Waschbecken und Spiegelschrank im Bad\" srcset=\"https:\/\/xn--bsum-meer-mit-flair-59b.de\/wp-content\/uploads\/2019\/04\/IMG_20190410_135216-768x1024.jpg 768w, https:\/\/xn--bsum-meer-mit-flair-59b.de\/wp-content\/uploads\/2019\/04\/IMG_20190410_135216-225x300.jpg 225w\" sizes=\"(max-width: 768px) 100vw, 768px\" \/>\r\n<figcaption>Waschbecken und Spiegelschrank im Bad<\/figcaption>\r\n<\/figure>\r\n\r\n\r\n\r\n<figure class=\"wp-block-image\"><img loading=\"lazy\" width=\"768\" height=\"1024\" class=\"wp-image-45\" src=\"https:\/\/xn--bsum-meer-mit-flair-59b.de\/wp-content\/uploads\/2019\/04\/IMG_20190410_135051-768x1024.jpg\" alt=\"Waschbecken und Spiegelschrank im Bad\" srcset=\"https:\/\/xn--bsum-meer-mit-flair-59b.de\/wp-content\/uploads\/2019\/04\/IMG_20190410_135051-768x1024.jpg 768w, https:\/\/xn--bsum-meer-mit-flair-59b.de\/wp-content\/uploads\/2019\/04\/IMG_20190410_135051-225x300.jpg 225w\" sizes=\"(max-width: 768px) 100vw, 768px\" \/>\r\n<figcaption>Blick vom S\u00fcdbalkon nach Westen zum Deich<\/figcaption>\r\n<\/figure>\r\n\r\n\r\n\r\n<figure class=\"wp-block-image\"><img loading=\"lazy\" width=\"768\" height=\"1024\" class=\"wp-image-44\" src=\"https:\/\/xn--bsum-meer-mit-flair-59b.de\/wp-content\/uploads\/2019\/04\/IMG_20190410_134739-768x1024.jpg\" alt=\"Gesch\u00fctzter Westbalkon\" srcset=\"https:\/\/xn--bsum-meer-mit-flair-59b.de\/wp-content\/uploads\/2019\/04\/IMG_20190410_134739-768x1024.jpg 768w, https:\/\/xn--bsum-meer-mit-flair-59b.de\/wp-content\/uploads\/2019\/04\/IMG_20190410_134739-225x300.jpg 225w\" sizes=\"(max-width: 768px) 100vw, 768px\" \/>\r\n<figcaption>Gesch\u00fctzter Westbalkon<\/figcaption>\r\n<\/figure>\r\n\r\n\r\n\r\n<figure class=\"wp-block-image\"><img loading=\"lazy\" width=\"1024\" height=\"768\" class=\"wp-image-91\" src=\"https:\/\/xn--bsum-meer-mit-flair-59b.de\/wp-content\/uploads\/2019\/06\/IMG_20190409_172255-1024x768.jpg\" alt=\"\" srcset=\"https:\/\/xn--bsum-meer-mit-flair-59b.de\/wp-content\/uploads\/2019\/06\/IMG_20190409_172255-1024x768.jpg 1024w, https:\/\/xn--bsum-meer-mit-flair-59b.de\/wp-content\/uploads\/2019\/06\/IMG_20190409_172255-300x225.jpg 300w, https:\/\/xn--bsum-meer-mit-flair-59b.de\/wp-content\/uploads\/2019\/06\/IMG_20190409_172255-768x576.jpg 768w\" sizes=\"(max-width: 1024px) 100vw, 1024px\" \/>\r\n<figcaption>Strandk\u00f6rbe und gastronomische Einrichtungen befinden sich auf dem Landstreifen, der die Lagune zum Meer hin begrenzt. Sie erreichen dieses Areal zu Fu\u00df in wenigen Minuten. Dort gibt es auch Badestellen, die allerdings von den Gezeiten abh\u00e4ngig sind. Ein <strong>Strandkorb<\/strong> an der Lagune im Abschnitt 15 steht unentgeltlich zur Verf\u00fcgung (1.5. bis 15.9.)<\/figcaption>\r\n<\/figure>\r\n\r\n\r\n\r\n<figure class=\"wp-block-image\"><img loading=\"lazy\" width=\"1024\" height=\"768\" class=\"wp-image-92\" src=\"https:\/\/xn--bsum-meer-mit-flair-59b.de\/wp-content\/uploads\/2019\/06\/IMG_20190409_170050-1024x768.jpg\" alt=\"\" srcset=\"https:\/\/xn--bsum-meer-mit-flair-59b.de\/wp-content\/uploads\/2019\/06\/IMG_20190409_170050-1024x768.jpg 1024w, https:\/\/xn--bsum-meer-mit-flair-59b.de\/wp-content\/uploads\/2019\/06\/IMG_20190409_170050-300x225.jpg 300w, https:\/\/xn--bsum-meer-mit-flair-59b.de\/wp-content\/uploads\/2019\/06\/IMG_20190409_170050-768x576.jpg 768w\" sizes=\"(max-width: 1024px) 100vw, 1024px\" \/>\r\n<figcaption>Wenn Sie den Aufgang zum Deich neben dem Haus nutzen, erreichen Sie direkt auf der anderen Seite des Deiches eine Badestelle in der Lagune. Die ist gezeitenunabh\u00e4ngig. Im Bild sehen Sie die gegen\u00fcberliegende Seite der Lagune mit Sandstrand und Strandbars.<\/figcaption>\r\n<\/figure>\r\n\r\n\r\n\r\n<figure class=\"wp-block-image\"><img loading=\"lazy\" width=\"1024\" height=\"768\" class=\"wp-image-47\" src=\"https:\/\/xn--bsum-meer-mit-flair-59b.de\/wp-content\/uploads\/2019\/04\/IMG_20190409_204741-1024x768.jpg\" alt=\"Sonnenuntergang an der Lagune - im Hintergrund die Nordsee. Foto vom Deich aufgenommen (50 Meter von der Wohnung).\" srcset=\"https:\/\/xn--bsum-meer-mit-flair-59b.de\/wp-content\/uploads\/2019\/04\/IMG_20190409_204741-1024x768.jpg 1024w, https:\/\/xn--bsum-meer-mit-flair-59b.de\/wp-content\/uploads\/2019\/04\/IMG_20190409_204741-300x225.jpg 300w, https:\/\/xn--bsum-meer-mit-flair-59b.de\/wp-content\/uploads\/2019\/04\/IMG_20190409_204741-768x576.jpg 768w\" sizes=\"(max-width: 1024px) 100vw, 1024px\" \/>\r\n<figcaption>Sonnenuntergang an der Lagune &#8211; im Hintergrund die Nordsee. Foto vom Deich aufgenommen (50 Meter von der Wohnung).<\/figcaption>\r\n<\/figure>\r\n\r\n\r\n\r\n<figure class=\"wp-block-image\"><img loading=\"lazy\" width=\"1024\" height=\"769\" class=\"wp-image-87\" src=\"https:\/\/xn--bsum-meer-mit-flair-59b.de\/wp-content\/uploads\/2019\/06\/Aufgang-1024x769.jpg\" alt=\"\" srcset=\"https:\/\/xn--bsum-meer-mit-flair-59b.de\/wp-content\/uploads\/2019\/06\/Aufgang-1024x769.jpg 1024w, https:\/\/xn--bsum-meer-mit-flair-59b.de\/wp-content\/uploads\/2019\/06\/Aufgang-300x225.jpg 300w, https:\/\/xn--bsum-meer-mit-flair-59b.de\/wp-content\/uploads\/2019\/06\/Aufgang-768x577.jpg 768w\" sizes=\"(max-width: 1024px) 100vw, 1024px\" \/>\r\n<figcaption>Aufgang zum Deich &#8211; direkt auf der anderen Stra\u00dfenseite. Blick \u00fcber die Lagune hinweg auf das Meer. Von der Wohnung aus fotografiert.<\/figcaption>\r\n<\/figure>\r\n\r\n\r\n\r\n<figure class=\"wp-block-image\"><img loading=\"lazy\" width=\"1024\" height=\"768\" class=\"wp-image-89\" src=\"https:\/\/xn--bsum-meer-mit-flair-59b.de\/wp-content\/uploads\/2019\/06\/Haus-vom-Deich-gesehen-1024x768.jpg\" alt=\"\" srcset=\"https:\/\/xn--bsum-meer-mit-flair-59b.de\/wp-content\/uploads\/2019\/06\/Haus-vom-Deich-gesehen-1024x768.jpg 1024w, https:\/\/xn--bsum-meer-mit-flair-59b.de\/wp-content\/uploads\/2019\/06\/Haus-vom-Deich-gesehen-300x225.jpg 300w, https:\/\/xn--bsum-meer-mit-flair-59b.de\/wp-content\/uploads\/2019\/06\/Haus-vom-Deich-gesehen-768x576.jpg 768w\" sizes=\"(max-width: 1024px) 100vw, 1024px\" \/>\r\n<figcaption>Blick von der Deichkrone auf die H\u00e4user Luv und Lee. Die Lage der Wohnung ist mit wei\u00dfer Farbe eingezeichnet.<\/figcaption>\r\n<\/figure>\r\n\r\n\r\n\r\n<figure class=\"wp-block-image\"><img loading=\"lazy\" width=\"768\" height=\"1024\" class=\"wp-image-90\" src=\"https:\/\/xn--bsum-meer-mit-flair-59b.de\/wp-content\/uploads\/2019\/06\/IMG_20190512_210703-768x1024.jpg\" alt=\"\" srcset=\"https:\/\/xn--bsum-meer-mit-flair-59b.de\/wp-content\/uploads\/2019\/06\/IMG_20190512_210703-768x1024.jpg 768w, https:\/\/xn--bsum-meer-mit-flair-59b.de\/wp-content\/uploads\/2019\/06\/IMG_20190512_210703-225x300.jpg 225w\" sizes=\"(max-width: 768px) 100vw, 768px\" \/>\r\n<figcaption>Wenn sich die untergehende Sonne im Weinglas auf dem Esszimmertisch spiegelt, dann haben Sie wahrscheinlich einen sch\u00f6nen Urlaubstag in B\u00fcsum verbracht.<span style=\"color: #ff0000;\"><strong><br \/><\/strong><\/span><\/figcaption>\r\n<\/figure>\r\n\r\n\r\n\r\n\r\n\r\n\r\n\r\n<p><iframe loading=\"lazy\" title=\"Belegungskalender\" src=\"https:\/\/api.belegungskalender-kostenlos.de\/kalender.php?kid=48617\" width=\"100%\" height=\"450\" frameborder=\"0\"><p>Ihr Browser kann den Kalender leider nicht direkt anzeigen, klicken Sie bitte <b><a href=\"https:\/\/api.belegungskalender-kostenlos.de\/kalender.php?kid=48617\">hier<\/a><\/b><\/p><\/iframe><br \/><span style=\"font-size: 9px;\"><a style=\"font-size: 9px;\" href=\"https:\/\/www.belegungskalender-kostenlos.de\/\" rel=\"nofollow\">Belegungskalender kostenlos<\/a><\/span><\/p>\r\n<p><span style=\"color: #ff0000;\"><strong style=\"color: #333333;\">Haben Sie Interesse an weiteren Informationen oder m\u00f6chten buchen? Direkter Kontakt zu uns als Ihrem privaten Vermieter am besten<\/strong><\/span><\/p>\r\n<p><strong>per Mail: Kaebisch@t-online.de<\/strong><\/p>\r\n\r\n\r\n\r\n<p>oder<\/p>\r\n\r\n\r\n\r\n<p><strong>Tel.: 0162 1901666 (in Eilf\u00e4llen)<\/strong><\/p>\r\n\r\n\r\n\r\n<p><strong>Sie erhalten kurzfristig eine Antwort auf Ihre Anfrage!<\/strong><\/p>\r\n<p>&nbsp;<\/p>\r\n<p><span style=\"color: #ff0000;\"><strong>Preise (pro Tag und zwei Personen):<\/strong><\/span><\/p>\r\n<p>Bis 22.12.: 65 Euro<\/p>\r\n<p>23.12. 2023 bis 6.1.2024: 95 Euro<\/p>\r\n<p>7.1. bis 3.5.: 70 Euro (Woche vor und nach Ostern 10 Euro Zuschlag pro Tag)<\/p>\r\n<p>3.5. bis 1.7.: 80 Euro<\/p>\r\n<p>2.7. bis 13.9.: 95 Euro<\/p>\r\n<p>14.9. bis 20.12.: 70 Euro<\/p>\r\n<p>Wer bereits Gast war, erh\u00e4lt die gleichen Konditionen wie bisher. <strong>Mindestmietzeit<\/strong> in der Hauptsaison (2.7. bis 13.9.) 7 Tage, sonst 5 Tage. <strong>Kurzurlaube ab 3 \u00dcbernachtungen nach Absprache<\/strong> &#8211; es gelten wegen der im Preis enthaltenen Endreinigung dann h\u00f6here Preise.<\/p>\r\n<p><strong>Im Preis enthalten<\/strong>: <strong>Endreinigung<\/strong>, <strong>Parkplatz<\/strong>, Strom und andere NK. Wir stellen auch ohne weiteres Entgelt einen <strong>Strandkorb<\/strong> auf der Watteninsel (ab 1.5. bis 15.9.) und zwei <strong>Fahrr\u00e4der<\/strong> zur Verf\u00fcgung. Wir k\u00f6nnen aber nicht garantieren, dass diese zu jeder Zeit voll funktionsf\u00e4hig\u00a0 sind, da wir nicht in B\u00fcsum wohnen und uns bei Reparaturen erst k\u00fcmmern m\u00fcssen. Eine Minderung des Preises f\u00fcr Ihren Aufenthalt k\u00f6nnen Sie daher nicht mit etwaigen M\u00e4ngeln bei Strandkorb oder R\u00e4dern, die es bisher nicht gab und die wir sehr bedauern w\u00fcrden, begr\u00fcnden.<\/p>\r\n<p><strong>Sie melden sich bitte am Tag der Ankunft bei der Kurverwaltung an und entrichten dort die Kurtaxe<\/strong>. <strong>Bettw\u00e4sche und Handt\u00fccher, <\/strong>sofern gew\u00fcnscht<strong>, <\/strong>einmalig pro Person 19 Euro. Die <strong>Schl\u00fcssel\u00fcbergabe<\/strong> erfolgt nach telefonischer Absprache, wenn Sie Ihre ungef\u00e4hre Ankunftszeit wissen. Es gibt auch einen Schl\u00fcsseltresor bei einer befreundeten Familie in der N\u00e4he, falls Sie sp\u00e4t anreisen. Wir w\u00fcnschen Ihnen eine gute Anreise. Tipps f\u00fcr gutes Essen und Sehensw\u00fcrdigkeiten erhalten Sie nach Ihrer Buchung. Wenn Sie vor Ort sind, k\u00f6nnen Sie uns jederzeit anrufen. F\u00fcr Anregungen sind wir dankbar.<\/p>\r\n<p><span style=\"color: #ff0000;\"><strong>Lage der Wohnung: Nordseestra\u00dfe 58<\/strong><\/span><\/p>\r\n<p><a href=\"https:\/\/www.google.de\/maps\/place\/Nordseestra%C3%9Fe+58,+25761+B%C3%BCsum\/@54.1320533,8.8448166,1837m\/data=!3m1!1e3!4m5!3m4!1s0x47b474952fe056ed:0x55cbaceced27827f!8m2!3d54.1332885!4d8.8448166?hl=de&amp;authuser=0\">Google Maps: hier klicken<\/a><\/p>\r\n\r\n\r\n\r\n<p>&nbsp;<\/p>\r\n","protected":false},"excerpt":{"rendered":"<p>Unsere Ferienwohnung in B\u00fcsum in der Nordseestra\u00dfe 58 liegt unmittelbar am Deich, \u00fcber den hinweg Sie von beiden Balkonen, vom Panorama-Fenster im Wohnzimmer und selbst vom K\u00fcchenfenster Meerblick haben (auf die Perlebucht und die Nordsee). N\u00e4her am Meer geht nicht&#8230;Strandkorb <a href=\"https:\/\/xn--bsum-meer-mit-flair-59b.de\/?p=30\" class=\"read-more\">Weiterlesen<\/a><\/p>\n","protected":false},"author":1,"featured_media":120,"comment_status":"closed","ping_status":"closed","sticky":true,"template":"","format":"standard","meta":[],"categories":[1],"tags":[4,12,8,10,9,16,6,5,15,7,17],"_links":{"self":[{"href":"https:\/\/xn--bsum-meer-mit-flair-59b.de\/index.php?rest_route=\/wp\/v2\/posts\/30"}],"collection":[{"href":"https:\/\/xn--bsum-meer-mit-flair-59b.de\/index.php?rest_route=\/wp\/v2\/posts"}],"about":[{"href":"https:\/\/xn--bsum-meer-mit-flair-59b.de\/index.php?rest_route=\/wp\/v2\/types\/post"}],"author":[{"embeddable":true,"href":"https:\/\/xn--bsum-meer-mit-flair-59b.de\/index.php?rest_route=\/wp\/v2\/users\/1"}],"replies":[{"embeddable":true,"href":"https:\/\/xn--bsum-meer-mit-flair-59b.de\/index.php?rest_route=%2Fwp%2Fv2%2Fcomments&post=30"}],"version-history":[{"count":64,"href":"https:\/\/xn--bsum-meer-mit-flair-59b.de\/index.php?rest_route=\/wp\/v2\/posts\/30\/revisions"}],"predecessor-version":[{"id":172,"href":"https:\/\/xn--bsum-meer-mit-flair-59b.de\/index.php?rest_route=\/wp\/v2\/posts\/30\/revisions\/172"}],"wp:featuredmedia":[{"embeddable":true,"href":"https:\/\/xn--bsum-meer-mit-flair-59b.de\/index.php?rest_route=\/wp\/v2\/media\/120"}],"wp:attachment":[{"href":"https:\/\/xn--bsum-meer-mit-flair-59b.de\/index.php?rest_route=%2Fwp%2Fv2%2Fmedia&parent=30"}],"wp:term":[{"taxonomy":"category","embeddable":true,"href":"https:\/\/xn--bsum-meer-mit-flair-59b.de\/index.php?rest_route=%2Fwp%2Fv2%2Fcategories&post=30"},{"taxonomy":"post_tag","embeddable":true,"href":"https:\/\/xn--bsum-meer-mit-flair-59b.de\/index.php?rest_route=%2Fwp%2Fv2%2Ftags&post=30"}],"curies":[{"name":"wp","href":"https:\/\/api.w.org\/{rel}","templated":true}]}}